{"id":149,"date":"2021-07-06T08:47:16","date_gmt":"2021-07-06T11:47:16","guid":{"rendered":"https:\/\/raizdaquestao.com.br\/?p=149"},"modified":"2021-07-06T08:47:22","modified_gmt":"2021-07-06T11:47:22","slug":"derrota-na-quarta-vitoria-no-sabado-expulsao-do-psdb-pelo-pco-nao-atrasou-mas-sim-acelerou-o-fora-bolsonaro-2","status":"publish","type":"post","link":"https:\/\/raizdaquestao.com.br\/?p=149","title":{"rendered":"Derrota na quarta, vit\u00f3ria no s\u00e1bado. Expuls\u00e3o do PSDB pelo PCO n\u00e3o atrasou, mas, sim, acelerou o \u2018Fora, Bolsonaro!\u2019"},"content":{"rendered":"\n<p>Na \u00faltima quarta-feira, 30 de junho, os l\u00edderes dos partidos de esquerda no parlamento apresentaram o chamado superpedido de impeachment. Juntaram-se ao processo, figuras detest\u00e1veis da extrema-direita, como Kim Kataguiri, Joice Hasselmann e Alexandre Frota. Durante a semana, o tapa na cara da milit\u00e2ncia continuou com a autoriza\u00e7\u00e3o do campo progressista para a participa\u00e7\u00e3o do PSDB nos atos pedindo a queda do atual governo.<\/p>\n\n\n\n<p>Por\u00e9m, no s\u00e1bado, 3 de julho, a milit\u00e2ncia do PCO corrigiu o erro na grande manifesta\u00e7\u00e3o ocorrida na Av. Paulista, expulsando os tucanos do local.<\/p>\n\n\n\n<p>Para boa parte daqueles favor\u00e1veis a derrubada do Bolsonaro, esta foi uma atitude equivocada pois, segundo eles, subtrai apoio e introduz um sectarismo ao movimento. Grande engano.<\/p>\n\n\n\n<p><strong>Chamar a direita n\u00e3o ajuda, mas atrapalha a derrubada de Bolsonaro.<\/strong><\/p>\n\n\n\n<p>Primeiro que as personalidades e partidos de direita convidados j\u00e1 se comprometeram com seus respectivos p\u00fablicos votarem favor\u00e1veis a retirada do atual presidente do poder. Ou seja, n\u00e3o acrescentam em mais nada.<\/p>\n\n\n\n<p>Segundo, porque os parlamentares que faltam ser conquistados s\u00f3 v\u00e3o topar seguir com o processo quando a burguesia sentir que est\u00e1 perdendo controle do regime pol\u00edtico. E o que significa isso?<\/p>\n\n\n\n<p>Perda de controle pol\u00edtico, no momento, ainda n\u00e3o quer dizer uma revolta generalizada, como muitos podem ironizar \u2013 apesar da brutal crise tornar esse cen\u00e1rio n\u00e3o t\u00e3o distante. \u00c9 simplesmente a possibilidade do \u2018Fora, Bolsonaro!\u2019 se deslocar para uma rejei\u00e7\u00e3o das pol\u00edticas neoliberais de fome do Guedes e policialescas de exterm\u00ednio, originalmente do Sergio Moro.<\/p>\n\n\n\n<p>A prova cabal disso foi a repercuss\u00e3o que a grande m\u00eddia, como as organiza\u00e7\u00f5es Globo e o Estad\u00e3o, deram aos protestos de 29 de maio, com uma cobertura pequena, exibindo imagens dos atos bem no in\u00edcio, fora do per\u00edodo de maior concentra\u00e7\u00e3o, e destacando as rar\u00edssimas vezes em que houve relaxamento das medidas de preven\u00e7\u00e3o a pandemia.<\/p>\n\n\n\n<p>A falta de um tratamento que fizesse jus as manifesta\u00e7\u00f5es por parte da imprensa se deu porque elas foram muito grandes \u2013 dado o contexto sanit\u00e1rio do momento, com uma simbologia de esquerda marcante e presen\u00e7a de destaque dos grupos mais radicais. Aquilo significava que a indigna\u00e7\u00e3o com o governo federal j\u00e1 estava caminhando para um lugar que a elite brasileira n\u00e3o queria.<\/p>\n\n\n\n<p>Sendo assim, se os grandes capitalista, do Brasil e do exterior, perceberem que a repulsa popular \u00e9 com tudo, n\u00e3o s\u00f3 com a quest\u00e3o da sa\u00fade, mas tamb\u00e9m com a da econ\u00f4mica e da seguran\u00e7a p\u00fablica, eles ordenar\u00e3o que o congresso e o judici\u00e1rio tirem Bolsonaro do poder.<\/p>\n\n\n\n<p>Mas, se a burguesia sentir que ser\u00e1 f\u00e1cil cooptar a esquerda para a sua agenda, ou seja, que a cr\u00edtica ao bolsonarismo se limite ao comportamento genocida e grotesco do chefe do executivo, ela o cozinhar\u00e1 no poder, j\u00e1 que seu projeto de aplia\u00e7\u00e3o da acumula\u00e7\u00e3o e de sua hegemonia n\u00e3o estar\u00e1 em risco e pelo fato do impeachment trazer uma turbul\u00eancia junto aos militares, evang\u00e9licos e outros grupos de extrema-direita.<\/p>\n\n\n\n<p>Juntar-se com MBL, Joice, Frota e PSDB \u00e9 dar um al\u00edvio para a classe dominante, pois mostra que as grandes manifesta\u00e7\u00f5es podem n\u00e3o produzir um questionamento das pautas direitistas, al\u00e9m de abrirem a possibilidade para um candidato da chamada 3\u00aa via em 2022, algu\u00e9m que n\u00e3o conciliar\u00e1, mas continuar\u00e1 entregando tudo para os patr\u00f5es.<\/p>\n\n\n\n<p>Essa hist\u00f3ria de que a esquerda precisa abra\u00e7ar todo mundo para somar votos \u00e9 uma bobagem tremenda. A fun\u00e7\u00e3o n\u00e3o deve ser catar congressistas pelo impeachment, e sim pressionar para que os burgueses sintam medo.<\/p>\n\n\n\n<p>J\u00e1 em rela\u00e7\u00e3o ao apoio popular daqueles rejeitam as esquerdas tanto quanto Bolsonaro, fiquem tranquilos, se forem acuados, os grandes empres\u00e1rios v\u00e3o ordenar um massacre midi\u00e1tico contra a esc\u00f3ria que habita o Pal\u00e1cio do Planalto.<\/p>\n\n\n\n<p><strong>Mesmo que trouxesse resultados, a estrat\u00e9gia de alian\u00e7a com os golpistas e lavajatistas neofascistas produziria efeitos extremamente colaterais.<\/strong><\/p>\n\n\n\n<p>Quando se fala em democracia, n\u00e3o se pode esquecer do golpe de 2016. Dilma saiu da presid\u00eancia n\u00e3o s\u00f3 pelo inexistente crime das pedaladas fiscais, mas, sobretudo, por um processo judicial fraudulento apoiado pelos grandes ve\u00edculos de comunica\u00e7\u00e3o.<\/p>\n\n\n\n<p>Todo o golpe tinha alguns objetivos claros, o principal era reduzir o custo da m\u00e3o-de-obra no pa\u00eds, em outras palavras, tirar valor do trabalho. Por isso, o argumento de que as diverg\u00eancias est\u00e3o em segundo plano e que o objeto \u00e9 salvar o processo democr\u00e1tico \u00e9 falso, j\u00e1 que a vontade popular manifestada nas elei\u00e7\u00f5es foi justamente ferido para atender alguns interesses.<\/p>\n\n\n\n<p>Para isso ocorrer, houve o patroc\u00ednio a grupos da pior extrema-direita. N\u00e3o h\u00e1 como esquecer do A\u00e9cio (PSDB-MG), em novembro de 2014, logo ap\u00f3s o pleito presidencial, recebendo Lob\u00e3o e Marcelo Reis do Revoltados Online, sujeito que em maio daquele mesmo ano estava celebrando o anivers\u00e1rio do golpe de 64. Tamb\u00e9m \u00e9 imposs\u00edvel n\u00e3o lembrar da participa\u00e7\u00e3o do deputado Carlos Sampaio (PSDB-SP) nos acampamentos do MBL, ou a ida do tucanato no carro de som do mesmo movimento.<\/p>\n\n\n\n<p>Por falar em MBL, que foi representado por Kim Kataguiri na cerim\u00f4nia do super impeachment, \u00e9 preciso rememorar que eles apoiaram todas, eu disse TODAS as pautas do guru bolsonarista, Olavo de Carvalho.<\/p>\n\n\n\n<p>Defendeu o Escola Sem Partido, o combate ao suposto marxismo cultural, a censura do&nbsp;<em>QueerMuseum<\/em>&nbsp;com o argumento da arte degenerada \u2013 algo t\u00edpico dos nazistas. Isso sem contar a&nbsp;<em>Fake News<\/em>&nbsp;da Marielle, as invas\u00f5es as ocupa\u00e7\u00f5es dos estudantes em greve, o apoio a a\u00e7\u00f5es policiais violentas, a celebra\u00e7\u00e3o das ilegalidades da Lava-Jato , mesmo depois de desmoralizadas, os ataques agressivos aos movimentos negro, LGBTQIA+, das mulheres, etc. \u00c9 tanta coisa que precisaria de um texto enorme e muita mem\u00f3ria para recordar todo horror que o Movimento Brasil Livre representou.<\/p>\n\n\n\n<p>Joice e Frota, apesar de hoje serem irrelevantes \u2013 o que torna participa\u00e7\u00e3o de ambos no documento ainda mais inexplic\u00e1vel, tamb\u00e9m ajudaram a criar estes absurdos. A jornalista paranaense, por sua vez, quando recebeu uma acusa\u00e7\u00e3o de pl\u00e1gio, denunciou a CUT e o sindicato da categoria de compl\u00f4. J\u00e1 na sua campanha para deputada, apareceu em v\u00eddeo batendo numa pessoa fantasiada de Maria do Ros\u00e1rio.<\/p>\n\n\n\n<p>Voltando aos tucanos, Doria, que agora elogia o fato de seu correligion\u00e1rio governador no Rio Grande do Sul, Eduardo Leite (que apoiou o homof\u00f3bico Bolsonaro), ter se assumido homossexual, j\u00e1 se utilizou do discurso ultraconservador contra os gays. Tamb\u00e9m na sua passagem pela prefeitura paulistana, partia para cima da esquerda, generalizando, como se todos fossem corruptos, e mandando seus advers\u00e1rios para Curitiba, numa refer\u00eancia clara a Lava-Jato. A hidrofobia do governador paulista foi tanta que chegou ao ponto de usar o&nbsp;<em>slogan<\/em>&nbsp;BolsoDoria na campanha estadual de 2018.<\/p>\n\n\n\n<p>Relembrar tudo isso \u2013 o que n\u00e3o d\u00e1 1% do que fizeram, n\u00e3o \u00e9 s\u00f3 um revanchismo barato, mas sim tentar evitar que o campo progressista d\u00ea um selo de anu\u00eancia para todos aqueles que contribu\u00edram para a propaga\u00e7\u00e3o do neofascismo que colocou o bolsonarismo no poder. N\u00e3o se pode aceitar que eles recebam um perd\u00e3o por toda barb\u00e1rie que produziram, ou dar a eles o carimbo de civilizados.<\/p>\n\n\n\n<p>E ainda \u00e9 importante ressaltar que o PSDB, por exemplo, vota quase 90% com o governo, Kim Kataguiri sempre apoia propostas grotescas, como a demarca\u00e7\u00e3o das terras ind\u00edgenas, por exemplo. Em outras palavras, a direita faz uma oposi\u00e7\u00e3o falsa, e, nesse aspecto, exclu\u00ed-los da cr\u00edtica tamb\u00e9m representa se deixar alienar com a figura monstruosa do Presidente e assumir que ele serve como elemento de distra\u00e7\u00e3o para a popula\u00e7\u00e3o que o rejeita, o que contribui ainda mais para a elite mant\u00ea-lo governando.<\/p>\n\n\n\n<p>Al\u00e9m de tudo isso, n\u00e3o relevar a verdadeira face dessa gente abre a chance de uma poss\u00edvel coopta\u00e7\u00e3o da revolta popular, o que resultaria numa sequencia n\u00e3o s\u00f3 \u00e0 pauta econ\u00f4mica e de seguran\u00e7a p\u00fablica, como tamb\u00e9m da chamada agenda conservadora de costumes. Isso sem contar no chute que os progressistas levar\u00e3o dos mesmo, com a volta do clima de rep\u00fadio a tudo aquilo que se parecer de esquerda.<\/p>\n\n\n\n<p><strong>N\u00e3o se pode repetir 2013<\/strong><\/p>\n\n\n\n<p>Quem tem junho de 2013 fresco na mem\u00f3ria, sabe que aquele foi um dos maiores \u201ctiros no p\u00e9\u201d da hist\u00f3ria de um movimento pol\u00edtico no Brasil, fazendo emergir um sentimento antipetista e hostil a esquerda, inclusive com o surgimento de alguns dos grupos citados acima.<\/p>\n\n\n\n<p>Mas aquele erro estrat\u00e9gico tem explica\u00e7\u00f5es, e passam pela negativa dos l\u00edderes da \u00e9poca em marcar territ\u00f3rio nos protestos.<\/p>\n\n\n\n<p>Os primeiros atos do Passe Livre ocorreram dentro do esperado, com a pol\u00edcia batendo, os manifestantes revidando e a m\u00eddia apoiando os agentes da lei.<\/p>\n\n\n\n<p>J\u00e1 no protesto do dia 13\/06\/2013, uma quinta-feira, quando a rep\u00f3rter da folha levou um tiro de bala de borracha no olhos, notou-se um grande apoio da popula\u00e7\u00e3o \u00e0quela movimenta\u00e7\u00e3o, algo visto sobretudo no Facebook. Houve at\u00e9 o Datena repetindo uma pesquisa duas vezes para saber se seu p\u00fablico rejeitava tais a\u00e7\u00f5es. O \u00faltimo t\u00edtulo era \u201cVoc\u00ea apoia protesto com baderna?\u201d Contra a vontade do apresentador, a maioria respondeu que sim.<\/p>\n\n\n\n<figure class=\"wp-block-embed is-type-video is-provider-youtube wp-block-embed-youtube wp-embed-aspect-4-3 wp-has-aspect-ratio\"><div class=\"wp-block-embed__wrapper\">\n<div class=\"ast-oembed-container \" style=\"height: 100%;\"><iframe loading=\"lazy\" title=\"Datena surpreendido em pesquisa! Passe Livre 13\/06\/13\" width=\"500\" height=\"375\" src=\"https:\/\/www.youtube.com\/embed\/7cxOK7SOI2k?feature=oembed\" frameborder=\"0\" allow=\"accelerometer; autoplay; clipboard-write; encrypted-media; gyroscope; picture-in-picture; web-share\" referrerpolicy=\"strict-origin-when-cross-origin\" allowfullscreen><\/iframe><\/div>\n<\/div><\/figure>\n\n\n\n<p>A partir da\u00ed, os jornais e emissoras de r\u00e1dio fizeram um giro de 360\u00b0 e deram apoio \u00e0s manifesta\u00e7\u00f5es, produzindo, inclusive, as pat\u00e9ticas cenas do Arnaldo Jabor mudando radicalmente de opini\u00e3o no Jornal da Globo.<\/p>\n\n\n\n<figure class=\"wp-block-embed is-type-video is-provider-youtube wp-block-embed-youtube wp-embed-aspect-16-9 wp-has-aspect-ratio\"><div class=\"wp-block-embed__wrapper\">\n<div class=\"ast-oembed-container \" style=\"height: 100%;\"><iframe loading=\"lazy\" title=\"ARNALDO JABOR O VIRA FOLHA 48H DEPOIS A GLOBO MUDA TOTALMENTE DE OPINI\u00c3O\" width=\"500\" height=\"281\" src=\"https:\/\/www.youtube.com\/embed\/k-QdiRfpgPE?feature=oembed\" frameborder=\"0\" allow=\"accelerometer; autoplay; clipboard-write; encrypted-media; gyroscope; picture-in-picture; web-share\" referrerpolicy=\"strict-origin-when-cross-origin\" allowfullscreen><\/iframe><\/div>\n<\/div><\/figure>\n\n\n\n<p>Por\u00e9m, houve toda uma tentativa de direcionamento da pauta. No dia 16, domingo, v\u00e9spera do ato que prometia ser gigantesco \u2013 como foi \u2013 o Fant\u00e1stico exibiu uma reportagem exaltando o Passe Livre, por\u00e9m, exibindo em tom acusat\u00f3rio a participa\u00e7\u00e3o dos partidos de esquerda.<\/p>\n\n\n\n<figure class=\"wp-block-embed is-type-video is-provider-youtube wp-block-embed-youtube wp-embed-aspect-4-3 wp-has-aspect-ratio\"><div class=\"wp-block-embed__wrapper\">\n<div class=\"ast-oembed-container \" style=\"height: 100%;\"><iframe loading=\"lazy\" title=\"FANT\u00c1STICO - Manifesta\u00e7\u00f5es e protestos em S\u00e3o Paulo - Reportagem 16\/06\/2013\" width=\"500\" height=\"375\" src=\"https:\/\/www.youtube.com\/embed\/qBjc_Ndw8eI?feature=oembed\" frameborder=\"0\" allow=\"accelerometer; autoplay; clipboard-write; encrypted-media; gyroscope; picture-in-picture; web-share\" referrerpolicy=\"strict-origin-when-cross-origin\" allowfullscreen><\/iframe><\/div>\n<\/div><\/figure>\n\n\n\n<p>Ocorreu ainda uma s\u00e9rie de reportagens televisivas exaltando o patriotismo, as pautas do Minist\u00e9rio P\u00fablico e as den\u00fancias de corrup\u00e7\u00e3o nos est\u00e1dios da Copa do Mundo, com foco, \u00e9 claro, na participa\u00e7\u00e3o do PT. Em suma,foi feita toda uma opera\u00e7\u00e3o para capturar a pauta que era progressista, redu\u00e7\u00e3o da passagem do transporte p\u00fablico, para uma pauta antipetista, nacionalista, punitivista e antipol\u00edtica.<\/p>\n\n\n\n<p>Na segunda-feira, 17, a a\u00e7\u00e3o da m\u00eddia teve efeito, o protesto contou com alas que se identificavam como \u201cMovimento dos Sem Partido\u201d, grupos de extrema-direita e uma hostilidade absurda com as bandeiras vermelhas.<\/p>\n\n\n\n<p>J\u00e1 o blogueiro que vos fala, viu com seus pr\u00f3prios olhos uma das lideran\u00e7as do Movimento Passe Livre (MPL) rejeitando o protagonismo dos partidos. Disse ele: \u201cCuidado para o PSTU n\u00e3o tomar a frente da passeata\u201d.<\/p>\n\n\n\n<p>No fim das contas, quem caiu no ostracismo foi o MPL, e quem ganhou protagonismo foi o MBL. E o Olavo de Carvalho acabou vendendo muitos livros.<\/p>\n\n\n\n<p>Pode acreditar, a chamada nova direita brasileira demorou e deu muito trabalho para ser constru\u00edda. Destruir n\u00e3o s\u00f3 o bolsonarismo, mas tamb\u00e9m os grupelhos que fingem se opor sugere tirar e desestruturar algo que levar\u00e1 tempo para ser reerguido novamente.<\/p>\n\n\n\n<p><strong>Pintar as ruas de vermelho contra Bolsonaro<\/strong><\/p>\n\n\n\n<p>A hist\u00f3ria \u00e9 estudada para n\u00e3o se repetir os erros. Dividir rua com a direita \u00e9 abrir margem para o protesto ser cooptado.<\/p>\n\n\n\n<p>Depois de expulsar o PSDB e tal fato ganhar publicidade, houve gente que rejeitou, mas a maioria apoiou a atitude do PCO. S\u00f3 o fato de existir o debate j\u00e1 \u00e9 um ganho, mas a exalta\u00e7\u00e3o ao Partido da Causa Oper\u00e1ria s\u00f3 mostra que o povo mobilizado j\u00e1 tem maturidade pol\u00edtica para entender certas coisas.<\/p>\n\n\n\n<p>Al\u00e9m disso, vestir verde-amarelo significa apoiar uma causa gen\u00e9rica em torno de um suposto bem-comum \u2013 quase sempre apontado pela imprensa burguesa. J\u00e1 o vermelho mostra as manifesta\u00e7\u00f5es tem lado, o que indica um caminho oposto do que a classe dominante quer.<\/p>\n\n\n\n<p>E se isso lhe pareceu um tanto radical, pode ter certeza, a estrat\u00e9gia tem que ser a de assustar. Parab\u00e9ns ao PCO e viva o vermelho.<\/p>\n","protected":false},"excerpt":{"rendered":"<p>A soma de for\u00e7as antag\u00f4nicas n\u00e3o trar\u00e1 resultados. A esquerda tem a chance de chutar toda a extrema-direita. O caminho \u00e9 pintar a rua de vermelho para evitar repetir 2013.<\/p>\n","protected":false},"author":1,"featured_media":122,"comment_status":"open","ping_status":"open","sticky":false,"template":"","format":"standard","meta":{"site-sidebar-layout":"default","site-content-layout":"","ast-site-content-layout":"","site-content-style":"default","site-sidebar-style":"default","ast-global-header-display":"","ast-banner-title-visibility":"","ast-main-header-display":"","ast-hfb-above-header-display":"","ast-hfb-below-header-display":"","ast-hfb-mobile-header-display":"","site-post-title":"","ast-breadcrumbs-content":"","ast-featured-img":"","footer-sml-layout":"","theme-transparent-header-meta":"","adv-header-id-meta":"","stick-header-meta":"","header-above-stick-meta":"","header-main-stick-meta":"","header-below-stick-meta":"","astra-migrate-meta-layouts":"default","ast-page-background-enabled":"default","ast-page-background-meta":{"desktop":{"background-color":"var(--ast-global-color-4)","background-image":"","background-repeat":"repeat","background-position":"center center","background-size":"auto","background-attachment":"scroll","background-type":"","background-media":"","overlay-type":"","overlay-color":"","overlay-gradient":""},"tablet":{"background-color":"","background-image":"","background-repeat":"repeat","background-position":"center center","background-size":"auto","background-attachment":"scroll","background-type":"","background-media":"","overlay-type":"","overlay-color":"","overlay-gradient":""},"mobile":{"background-color":"","background-image":"","background-repeat":"repeat","background-position":"center center","background-size":"auto","background-attachment":"scroll","background-type":"","background-media":"","overlay-type":"","overlay-color":"","overlay-gradient":""}},"ast-content-background-meta":{"desktop":{"background-color":"var(--ast-global-color-5)","background-image":"","background-repeat":"repeat","background-position":"center center","background-size":"auto","background-attachment":"scroll","background-type":"","background-media":"","overlay-type":"","overlay-color":"","overlay-gradient":""},"tablet":{"background-color":"var(--ast-global-color-5)","background-image":"","background-repeat":"repeat","background-position":"center center","background-size":"auto","background-attachment":"scroll","background-type":"","background-media":"","overlay-type":"","overlay-color":"","overlay-gradient":""},"mobile":{"background-color":"var(--ast-global-color-5)","background-image":"","background-repeat":"repeat","background-position":"center center","background-size":"auto","background-attachment":"scroll","background-type":"","background-media":"","overlay-type":"","overlay-color":"","overlay-gradient":""}},"footnotes":""},"categories":[1],"tags":[37,21,34,38,33,31,32],"class_list":["post-149","post","type-post","status-publish","format-standard","has-post-thumbnail","hentry","category-sem-categoria","tag-forabolsonaro","tag-fascismo","tag-kim-kataguiri","tag-manifestacao","tag-mbl","tag-pco","tag-psdb"],"_links":{"self":[{"href":"https:\/\/raizdaquestao.com.br\/index.php?rest_route=\/wp\/v2\/posts\/149","targetHints":{"allow":["GET"]}}],"collection":[{"href":"https:\/\/raizdaquestao.com.br\/index.php?rest_route=\/wp\/v2\/posts"}],"about":[{"href":"https:\/\/raizdaquestao.com.br\/index.php?rest_route=\/wp\/v2\/types\/post"}],"author":[{"embeddable":true,"href":"https:\/\/raizdaquestao.com.br\/index.php?rest_route=\/wp\/v2\/users\/1"}],"replies":[{"embeddable":true,"href":"https:\/\/raizdaquestao.com.br\/index.php?rest_route=%2Fwp%2Fv2%2Fcomments&post=149"}],"version-history":[{"count":1,"href":"https:\/\/raizdaquestao.com.br\/index.php?rest_route=\/wp\/v2\/posts\/149\/revisions"}],"predecessor-version":[{"id":150,"href":"https:\/\/raizdaquestao.com.br\/index.php?rest_route=\/wp\/v2\/posts\/149\/revisions\/150"}],"wp:featuredmedia":[{"embeddable":true,"href":"https:\/\/raizdaquestao.com.br\/index.php?rest_route=\/wp\/v2\/media\/122"}],"wp:attachment":[{"href":"https:\/\/raizdaquestao.com.br\/index.php?rest_route=%2Fwp%2Fv2%2Fmedia&parent=149"}],"wp:term":[{"taxonomy":"category","embeddable":true,"href":"https:\/\/raizdaquestao.com.br\/index.php?rest_route=%2Fwp%2Fv2%2Fcategories&post=149"},{"taxonomy":"post_tag","embeddable":true,"href":"https:\/\/raizdaquestao.com.br\/index.php?rest_route=%2Fwp%2Fv2%2Ftags&post=149"}],"curies":[{"name":"wp","href":"https:\/\/api.w.org\/{rel}","templated":true}]}}