{"id":56,"date":"2020-01-24T13:31:59","date_gmt":"2020-01-24T16:31:59","guid":{"rendered":"https:\/\/raizdaquestao.com.br\/?p=56"},"modified":"2020-01-24T17:26:26","modified_gmt":"2020-01-24T20:26:26","slug":"os-que-acreditam-em-marxismo-cultural-nao-tem-moral-para-criticar-o-nazismo-de-alvim-exemplos-mbl-olavo-de-carvalho-e-brasil-paralelo","status":"publish","type":"post","link":"https:\/\/raizdaquestao.com.br\/?p=56","title":{"rendered":"Os que acreditam em marxismo cultural n\u00e3o t\u00eam moral para criticar o nazismo de Alvim. Exemplos: MBL, Olavo de Carvalho e Brasil Paralelo."},"content":{"rendered":"\n<p>Direita, esquerda, centro, imprensa e boa parte do povo brasileiro manifestaram profundo horror com o pronunciamento do ex-secret\u00e1rio da cultura do governo Bolsonaro, Roberto Alvim. O v\u00eddeo divulgado escandalizava uma s\u00e9rie de elementos que indicavam uma est\u00e9tica nazista, com a m\u00fasica <em>Lohengrin<\/em> de Richard Wagner ao fundo- a preferida de Hitler, a Cruz de Caravaca e, mais impactante, o pl\u00e1gio feito de um trecho de um discurso de <em>Joseph <\/em>Goebels, ministro da propaganda do regime nazista.<\/p>\n\n\n\n<figure class=\"wp-block-embed-youtube wp-block-embed is-type-video is-provider-youtube wp-embed-aspect-16-9 wp-has-aspect-ratio\"><div class=\"wp-block-embed__wrapper\">\n<div class=\"ast-oembed-container \" style=\"height: 100%;\"><iframe loading=\"lazy\" title=\"Secret\u00e1rio da Cultura, Roberto Alvim cita ministro nazista em pronunciamento\" width=\"500\" height=\"281\" src=\"https:\/\/www.youtube.com\/embed\/3lycKFW6ZHQ?feature=oembed\" frameborder=\"0\" allow=\"accelerometer; autoplay; clipboard-write; encrypted-media; gyroscope; picture-in-picture; web-share\" referrerpolicy=\"strict-origin-when-cross-origin\" allowfullscreen><\/iframe><\/div>\n<\/div><\/figure>\n\n\n\n<p>Indigna\u00e7\u00e3o, qualquer um pode manifestar, por\u00e9m, com\nsinceridade, nem todos. Ousa-se dizer que se n\u00e3o fosse a m\u00fasica de Wagner e o\npl\u00e1gio do Goebels, ou melhor, se n\u00e3o fosse apenas a refer\u00eancia ao ex-ministro\nda propaganda de Hitler no texto, a pecha de nazista n\u00e3o colaria no\nex-secret\u00e1rio e o mesmo continuaria no cargo.<\/p>\n\n\n\n<p>A extrema direita, que em um primeiro momento correu para \u201cpassar\npano\u201d no caso, ap\u00f3s ver que o v\u00eddeo divulgado ajudaria ainda mais a colar o\njusto r\u00f3tulo de protofascista no Presidente da Rep\u00fablica, se apressou para\nrepudiar aquilo e pedir a cabe\u00e7a do titular da pasta. Mas isso s\u00f3 depois que o\nguru do bolsonarismo, Olavo de Carvalho, desconfiou publicamente da sanidade\nmental do secret\u00e1rio.<\/p>\n\n\n\n<p>Entretanto, no dia anterior, Roberto Alvim e Jair Bolsonaro\nprotagonizaram uma <em>live<\/em> no Facebook, na qual anunciavam com entusiasmo o\ntal Plano Nacional de Cultura que \u00e9 baseado, sim, numa ideia fascista de arte,\naquela que refor\u00e7a os valores e her\u00f3is nacionais, conforme dito no discurso\ndurante o pl\u00e1gio de <em>Goebels<\/em>, e repudia a contesta\u00e7\u00e3o na manifesta\u00e7\u00e3o\nart\u00edstica, assim como o nazismo fazia com a arte moderna.<\/p>\n\n\n\n<p>Se um dia, Alvim \u00e9 crucificado pela direita, no anterior, ele diz, <em>\u201cPresidente, o senhor sabe de uma coisa? A gente vai lan\u00e7ar um edital para cinema&#8230; vai ter tamb\u00e9m categorias sobre filmes da independ\u00eancia do Brasil e sobre grandes figuras hist\u00f3ricas brasileiras. Ent\u00e3o, tentando criar a\u00ed um cinema sadio, ligado aos nosso valores, aos nossos princ\u00edpios e alinhado com essa ideia de conservadorismo em arte que, na verdade, \u00e9 uma arte que dignifica o ser humano.\u201d<\/em> Est\u00e3o nessa fala do ex-secret\u00e1rio- que, repetindo, \u00e9 anterior ao pronunciamento pol\u00eamico e foi feito na <em>live<\/em> do Facebook &#8211; elementos nazifascistas como o retorno \u00e0s tradi\u00e7\u00f5es, a pureza, a exalta\u00e7\u00e3o aos her\u00f3is e a exclus\u00e3o de qualquer coisa feita para minorias ou que contenha elementos da dita subvers\u00e3o.<\/p>\n\n\n\n<figure class=\"wp-block-embed-youtube wp-block-embed is-type-video is-provider-youtube wp-embed-aspect-16-9 wp-has-aspect-ratio\"><div class=\"wp-block-embed__wrapper\">\n<div class=\"ast-oembed-container \" style=\"height: 100%;\"><iframe loading=\"lazy\" title=\"LIVE DA SEMANA - com Presidente Bolsonaro, Min. Abraham Weintraub e Sec. Roberto Alvim - 16\/01\/2020\" width=\"500\" height=\"281\" src=\"https:\/\/www.youtube.com\/embed\/XDcCPg1ezWg?feature=oembed\" frameborder=\"0\" allow=\"accelerometer; autoplay; clipboard-write; encrypted-media; gyroscope; picture-in-picture; web-share\" referrerpolicy=\"strict-origin-when-cross-origin\" allowfullscreen><\/iframe><\/div>\n<\/div><\/figure>\n\n\n\n<p>Em outras palavras, para extrema-direita, o problema \u00e9 parecer nazista, e n\u00e3o ser um. Houve, no bolsonarismo, quem sugerisse a m\u00fasica de Villa-Lobos ou Carlos Gomes ao inv\u00e9s de Wagner, ou a imagem de Padre C\u00edcero ao inv\u00e9s da Cruz de Caravaca. Ou seja, pediram um fascismo, s\u00f3 que n\u00e3o do tipo alem\u00e3o, e, sim, brasileiro. S\u00f3 faltaram clamar por um \u201cAnau\u00ea\u201d no final.<\/p>\n\n\n\n<figure class=\"wp-block-embed-youtube wp-block-embed is-type-video is-provider-youtube wp-embed-aspect-16-9 wp-has-aspect-ratio\"><div class=\"wp-block-embed__wrapper\">\n<div class=\"ast-oembed-container \" style=\"height: 100%;\"><iframe loading=\"lazy\" title=\"ROBERTO ALVIM. Que papel\u00e3o! O que acontecer\u00e1 com a Secretaria da Cultura? Regina Duarte, ser\u00e1?\" width=\"500\" height=\"281\" src=\"https:\/\/www.youtube.com\/embed\/YnvtiNFJxE0?feature=oembed\" frameborder=\"0\" allow=\"accelerometer; autoplay; clipboard-write; encrypted-media; gyroscope; picture-in-picture; web-share\" referrerpolicy=\"strict-origin-when-cross-origin\" allowfullscreen><\/iframe><\/div>\n<\/div><\/figure>\n\n\n\n<p>Mas, o fato \u00e9 que toda essa viagem ideol\u00f3gica maluca n\u00e3o vem do nada, e sim de outra tese protofascista, a do Marxismo Cultural. Segundo essa teoria da conspira\u00e7\u00e3o, vinda de um leitura torta de Gramsci e da escola de Frankfurt, a esquerda mudou o agente revolucion\u00e1rio do proletariado para as minorias e introduziu o multiculturalismo e o politicamente correto para destruir a civiliza\u00e7\u00e3o judaico-crist\u00e3-ocidental. A ideia seria difundir pelos meios culturais (universidades, teatro, m\u00fasica e etc) pautas como o aborto, o feminismo e o que eles chamam de <em>gayzismo<\/em>, para assim destruir a fam\u00edlia e, com isso, a sociedade. Com a propaga\u00e7\u00e3o da agenda progressista, haveria uma banaliza\u00e7\u00e3o de um senso cr\u00edtico, o que geraria o chamado esquerdista org\u00e2nico, aquele que \u00e9 de esquerda sem saber o que \u00e9. A conclus\u00e3o para a turma \u00e9 que a desvincula\u00e7\u00e3o dos indiv\u00edduos aos valores morais consagrados est\u00e1 fazendo com que a coletividade se degenere, abrindo assim espa\u00e7o para um processo revolucion\u00e1rio.<\/p>\n\n\n\n<figure class=\"wp-block-image\"><img loading=\"lazy\" decoding=\"async\" width=\"409\" height=\"599\" src=\"https:\/\/raizdaquestao.com.br\/wp-content\/uploads\/2020\/01\/1_LgeG7oFEGELrHu4eOFKb4A.jpeg\" alt=\"\" class=\"wp-image-62\" srcset=\"https:\/\/raizdaquestao.com.br\/wp-content\/uploads\/2020\/01\/1_LgeG7oFEGELrHu4eOFKb4A.jpeg 409w, https:\/\/raizdaquestao.com.br\/wp-content\/uploads\/2020\/01\/1_LgeG7oFEGELrHu4eOFKb4A-205x300.jpeg 205w\" sizes=\"auto, (max-width: 409px) 100vw, 409px\" \/><\/figure>\n\n\n\n<p>Essa teoria \u00e9 muito parecida, at\u00e9 no nome, com o Bolchevismo Cultural, difundido nos anos 20 e 30 pelo nazismo. Se a tese do marxismo cultural deturpa o gramscismo, a sua vers\u00e3o nazista vem dos Protocolos dos S\u00e1bios de Si\u00e3o, uma falsifica\u00e7\u00e3o documental que denuncia suposta conspira\u00e7\u00e3o judia e ma\u00e7\u00f4nica para dominar o mundo. A tese, segundo Hitler em <em>Mein Kampf<\/em>, \u00e9 praticamente a mesma defendida pelos olavistas, que a cultura que ele dizia ser bolchevique era <em>\u201cuma doen\u00e7a que enfraqueceria os alem\u00e3es perante as garras dos judeus\u201d<\/em>, e que tinha o objetivo implantar o marxismo para destruir os valores da sociedade alem\u00e3, e o instrumento para tal seria a arte moderna, ou a \u201carte bolchevique\u201d.<\/p>\n\n\n\n<p>As coincid\u00eancia n\u00e3o param por a\u00ed. Segundo os adeptos do\nMarxismo Cultural, tal movimento \u00e9 patrocinado por globalistas, grupo formado\nespecialmente por banqueiros, como George Soros, com o intuito de destruir a\nfam\u00edlia e os valores patri\u00f3ticos para instituir uma governan\u00e7a global. J\u00e1 no\nBolchevismo Cultural, os nazistas acreditavam que era uma tentativa dos\nbanqueiros judeus dominarem a Alemanha.<\/p>\n\n\n\n<p>Por outro lado, na d\u00e9cada de 30, a extrema-direita alem\u00e3 entendia que a expans\u00e3o do juda\u00edsmo destruiria a cultura nacional, e os ultra direitistas brasileiros acreditam que o multiculturalismo introduz o islamismo, que acaba com o cristianismo e destr\u00f3i o Ocidente pouco a pouco.<\/p>\n\n\n\n<figure class=\"wp-block-image\"><img loading=\"lazy\" decoding=\"async\" width=\"545\" height=\"397\" src=\"https:\/\/raizdaquestao.com.br\/wp-content\/uploads\/2020\/01\/1_czf-vRBWcT7te9v6uDYYRQ.jpeg\" alt=\"\" class=\"wp-image-63\" srcset=\"https:\/\/raizdaquestao.com.br\/wp-content\/uploads\/2020\/01\/1_czf-vRBWcT7te9v6uDYYRQ.jpeg 545w, https:\/\/raizdaquestao.com.br\/wp-content\/uploads\/2020\/01\/1_czf-vRBWcT7te9v6uDYYRQ-300x219.jpeg 300w\" sizes=\"auto, (max-width: 545px) 100vw, 545px\" \/><\/figure>\n\n\n\n<p>Explica\u00e7\u00f5es para fen\u00f4menos sociais tamb\u00e9m entrela\u00e7am\nolavistas e nazistas. Berlim, durante a Rep\u00fablica de Weimar, era uma cidade\nfalida que atraia muitos turistas por conta demasiada prostitui\u00e7\u00e3o que l\u00e1 havia.\nOs seguidores da ideologia de Hitler acreditavam que aquilo era resultado\ndireto da a\u00e7\u00e3o dos judeus. J\u00e1 para o bolsonarismo, os marxistas culturais propagaram\na liberdade sexual atrav\u00e9s da cultura dos anos 60, e, como resultado, temos uma\nsociedade depravada e que se auto degenera a cada dia. Tudo muito alinhado com\no discurso de Dante Mantovani, presidente da Funarte e disc\u00edpulo de Olavo de\nCarvalho, que afirma que o rock leva ao aborto que leva ao satanismo.<\/p>\n\n\n\n<h2 class=\"wp-block-heading\">Guerra cultural, alta cultura e rep\u00fadio \u00e0 arte moderna: o ant\u00eddoto de Alvim, Olavo, Bolsonaro e, tamb\u00e9m, dos nazistas para um inimigo imagin\u00e1rio.<\/h2>\n\n\n\n<p>Em 2016, na campanha \u00e0 prefeitura do Rio de Janeiro, o\ncandidato Fl\u00e1vio Bolsonaro disse ao RJTV que era preciso incentivar apenas a\nalta cultura. Os opositores n\u00e3o entenderam o que aquilo significava e zombaram\ndo filho do hoje presidente. Mas aquela declara\u00e7\u00e3o se encaixa perfeitamente com\no pronunciamento nazista de Roberto Alvim.<\/p>\n\n\n\n<p>Em sua apresenta\u00e7\u00e3o, Alvim disse, <em>\u201cQuando a cultura\nadoece, o povo adoece junto\u201d<\/em>. Essa frase n\u00e3o \u00e9 dele, \u00e9 do guru da extrema\ndireita, Olavo de Carvalho. Em diversas entrevistas, o ex-secret\u00e1rio defendeu\nque para ter uma cultura que dignificasse o povo era necess\u00e1rio haver um\nbombardeio de arte conservadora. E o que \u00e9 essa tal arte conservadora? Segundo\no pr\u00f3prio, manifesta\u00e7\u00f5es art\u00edsticas cl\u00e1ssicas, ou, ainda, o que eles chamam de\nalta cultura, o que se encaixa perfeitamente com a resposta de Fl\u00e1vio Bolsonaro\nna campanha de 2016.<\/p>\n\n\n\n<p>Ao que pese que a arte \u00e9 poliss\u00eamica, ou seja, abrange\nv\u00e1rias interpreta\u00e7\u00f5es &#8211; o que significa que um movimento art\u00edstico n\u00e3o\nsignifica necessariamente um pensamento conservador &#8211; essa obsess\u00e3o em exaltar\ntudo aquilo que \u00e9 cl\u00e1ssico n\u00e3o \u00e9 novo no espectro pol\u00edtico, os nazistas j\u00e1 o faziam.\nO livro <em>\u2018Hitler e os Artistas\u2019<\/em>, do historiador Henry Grosshans, coloca\nque havia, na Alemanha nazista, o entendimento que a arte greco-romana era a\n\u00fanica livre de juda\u00edsmo e a que remetia as origens do povo alem\u00e3o.<\/p>\n\n\n\n<p>A ideia de um predom\u00ednio cultural oriundo do cl\u00e1ssico vem de\num conceito muito difundido no bolsonarismo, a arte como exalta\u00e7\u00e3o do belo. Os\nnazistas tinham o mesmo pensamento, gostavam de obras que exaltavam a beleza estereotipada,\nou a est\u00e9tica padr\u00e3o. A pr\u00f3pria Olimp\u00edada de Berlim de 1936 foi um palco\npara&nbsp; exibir esculturas de corpos perfeitos\ne sim\u00e9trico como uma forma de representar o ideal ariano. Por sinal, o ultra\ndireitista, Leandro Narloch, encarna um pouco desse esp\u00edrito em <a href=\"https:\/\/crusoe.com.br\/secao\/leandro-narloch\/abaporu-nao-me-kahlo\/?fbclid=IwAR31VRrRU1cxRJA35L8whvxD5EOtX1AWCr17BWaiwNGijZXcREHQeZN6HmU\">um\nde seus artigos<\/a> em que ele critica a est\u00e9tica de Fridha Kalo:<em> \u201cMinha\nhip\u00f3tese: o feio \u00e9 o novo bonito. A beleza tradicional da arte cl\u00e1ssica, o\nrosto sim\u00e9trico, os nus impec\u00e1veis ficaram para tr\u00e1s\u201d<\/em>. Ora, considerando\nque a beleza retratada nas obras cl\u00e1ssicas vem de uma vis\u00e3o euro-centrista,\nlogo, Narloch parece tamb\u00e9m querer uma arte branca.<\/p>\n\n\n\n<p>Mas o prop\u00f3sito central da exalta\u00e7\u00e3o ao belo e o cl\u00e1ssico\nvem de um combate que a extrema-direita faz ao que eles chamam de relativismo\nmoral. Isso \u00e9 diretamente ligado \u00e0 contraposi\u00e7\u00e3o ao multiculturalismo, ou seja,\nentende-se que h\u00e1 sociedades mais avan\u00e7adas que as outras e que tal fato \u00e9\nexplicado pela cultura. E, uma vez que a sociedade perde a no\u00e7\u00e3o do que seja a\nmoral, esse seria um passo para ela se perder. A tese, ent\u00e3o, defende que\nperdendo aquilo do que seja o belo, os indiv\u00edduos perderiam h\u00e1bitos que os\ntornam civilizados. Obviamente, essa teoria abre uma enorme brecha para se\nesmagar as minorias e instaurar o \u00f3dio, uma vez que pode se classificar como\nfeio aquilo que \u00e9 diferente. Todavia, estabelecer uma moralidade de refer\u00eancia\nserve perfeitamente a ideia fascista de que a sociedade tem que se unir atrav\u00e9s\nde um conjunto de valores de tom nacionalista e at\u00e9 religioso.<\/p>\n\n\n\n<p>J\u00e1 o modernismo, alvo da extrema-direita fascista e bolsonarista, depois dos movimentos art\u00edsticos do s\u00e9culo XIX inspirados na ci\u00eancia e, muitos deles, na psican\u00e1lise, trabalha com a desconstru\u00e7\u00e3o, seja das linhas na pintura, ou em novas propostas liter\u00e1rias, ou at\u00e9 mesmo nas novas propostas c\u00eanicas. Abre-se, ent\u00e3o, um leque de novas formas de express\u00e3o art\u00edstica como a nudez, a representa\u00e7\u00e3o sexual, as abstra\u00e7\u00f5es, imagens cr\u00edticas a religi\u00f5es e novas t\u00e9cnicas, diferentes da tradicional. Em outras palavras, a arte moderna n\u00e3o se preocupa tanto assim com o belo, sendo menos afirmativa e mais contestadora. Com isso, ela pode chocar a moralidade hegem\u00f4nica, al\u00e9m de nela surgir uma brecha para que o expectador reflita mais profundamente sobre o contexto que ele vive, o que \u00e9 p\u00e9ssimo para aqueles que querem unir a sociedade em torno de um esp\u00edrito nacionalista.<\/p>\n\n\n\n<p>E por ser muito diferente daquilo \u00e9 senso comum, os modernistas criavam uma outra bronca em Hitler, a dif\u00edcil compreens\u00e3o. Para o dito <em>f\u00fcher<\/em>, arte deveria ser da f\u00e1cil entendimento para toda a popula\u00e7\u00e3o, at\u00e9 mesmo para consolidar o nazismo como um movimento de massas. J\u00e1 para Bolsonaro, tanto os livros did\u00e1ticos, quanto os espet\u00e1culos devem ser leves e acess\u00edveis para a dita fam\u00edlia tradicional. Ora, se tanto nazistas quanto bolsonaristas trabalham atrav\u00e9s da afirma\u00e7\u00e3o intransigente da ordem, ou seja, a dial\u00e9tica positiva em seu estados bruto, \u00e9 de se entender que uma abordagem mais complexa sobre \u201cas coisas do mundo\u201d seria extremamente nocivo para estes dois movimentos pol\u00edticos. A estrat\u00e9gia de ambos \u00e9 clara, desmoralizar essas reflex\u00f5es atrav\u00e9s daquilo que se pode chamar ignor\u00e2ncia orgulhosa, ou seja, se voc\u00ea n\u00e3o entende, aquilo nada significa. Mas isso ser\u00e1 abordado mais adiante no texto.<\/p>\n\n\n\n<p>E se o nobre \u00e9 considerado o belo, para o bolsonarismo, o popular\ndeve ser o xucro. Certa vez, a deputada bolsonarista, <a href=\"https:\/\/twitter.com\/biakicis\/status\/1180839031531331591\">Bia Kicis,\ndeclarou em seu Twitter:<\/a> <em>\u201cNo Simp\u00f3sio conservador \u00e9 assim. N\u00e3o tem funk\nnem ax\u00e9. Tem alta cultura. Vive la haute culture!\u201d<\/em>. Al\u00e9m do fato de <em>\u201chaute\nculture\u201d<\/em> n\u00e3o existir no vocabul\u00e1rio franc\u00eas &#8211; ou seja, gostam de se mostrar\neruditos, mas s\u00e3o completos ignorantes &#8211; abaixo havia um concerto de m\u00fasica\ncl\u00e1ssica &#8211; muito mal executado, por sinal. Em outras palavras, n\u00e3o \u00e9 s\u00f3 uma\nexalta\u00e7\u00e3o ao cl\u00e1ssico, mas tamb\u00e9m um preconceito contra manifesta\u00e7\u00f5es da\ncultura popular, as quais eles julgam vulgar.<\/p>\n\n\n\n<p>No nazismo, a persegui\u00e7\u00e3o a m\u00fasica popular negra se dava pelo rep\u00fadio ao jazz e o blues, que era o que tocava nos cabar\u00e9s na Berlim da Rep\u00fablica de Weimar. Havia at\u00e9 o <em>Wider die Negerkultur f\u00fcr deutsches Volkstum<\/em>, ou decreto contra a cultura negra e em favor do nacionalismo alem\u00e3o. Ou seja, se Bia Kicis e os bolsonaristas n\u00e3o gostam da can\u00e7\u00f5es &nbsp;interpretadas por brasileiros de maioria negra, e justificam com os palavr\u00f5es e men\u00e7\u00f5es sexuais nelas contidas, os nazistas usavam o fato da m\u00fasica afro-americana tocar em prost\u00edbulos para persegui-la. Essa rejei\u00e7\u00e3o a uma poss\u00edvel vulgariza\u00e7\u00e3o vem tamb\u00e9m da ideia de algo superior ou sagrado, oriundo das origens do povo \u2013 para o fascismo, desde que venha da origem do branco, claro.<\/p>\n\n\n\n<p>Mas, seja o culto aos cl\u00e1ssicos e ao belo, ou uma rejei\u00e7\u00e3o\nda arte moderna e da cultura popular, a ideia central que mais une olavistas e\nnazistas neste campo \u00e9 a ideia da transcendentalidade que, na pr\u00e1tica, \u00e9 o uso\nda est\u00e9tica para fazer pol\u00edtica. No v\u00eddeo pol\u00eamico, Alvim diz: <em>\u201c\u00c9 por isso\nque queremos uma cultura din\u00e2mica, e, ao mesmo tempo, enraizada na nobreza de\nnossos mitos fundantes. A p\u00e1tria, a fam\u00edlia, a coragem do povo e sua profunda\nliga\u00e7\u00e3o com deus.\u201d<\/em><\/p>\n\n\n\n<p>Este pressuposto n\u00e3o \u00e9 um mero detalhe, mas important\u00edssimo para se formar o <em>facho<\/em>. Se a ideologia propunha que a sociedade formasse uma uni\u00e3o em torno de valores nacionais, logo, era preciso que houvesse uma sensa\u00e7\u00e3o de pertencimento de cada cidad\u00e3o. A cultura, no nazifascismo, tinha exatamente essa fun\u00e7\u00e3o, a de levar \u00e0 popula\u00e7\u00e3o a sensa\u00e7\u00e3o sentir superior por pertencer a uma nacionalidade e, no caso do regime de Hitler, tamb\u00e9m por ser de uma determinada ra\u00e7a.<\/p>\n\n\n\n<p>\u00c9 a mesma sensa\u00e7\u00e3o que o ex-secret\u00e1rio de Bolsonaro queria provocar no povo brasileiro quando fala em  <em>&#8220;criar formas est\u00e9ticas poderosas&#8221;<\/em>. Entretanto, o mesmo acabou escorregando no pl\u00e1gio de Goebels. Podem ter certeza, que se n\u00e3o houvesse esse deslize, toda extrema-direita estaria aplaudindo seu plano nazista, assim como endossam cada palavra das teses malucas de Olavo de Carvalho.<\/p>\n\n\n\n<h2 class=\"wp-block-heading\">Mitos fundantes e monarquismo<\/h2>\n\n\n\n<p>O primeiro v\u00eddeo do Brasil Paralelo, aquela produtora de extrema-direita que coloca o Olavo de Carvalho em evidencia e \u00e9 amplamente divulgada por, MBL, Mam\u00e3e Falei e o canal de <em>YouTube<\/em> \u201cIdeias Radicais\u201d- o que se diz anarcocapitalista e anti-coletivista &#8211; entre outros, chama-se \u201cEntre a Cruz e a Espada\u201d. O objetivo \u00f3bvio do v\u00eddeo \u00e9 exaltar as figuras que, segundo eles, fundaram a nossa na\u00e7\u00e3o. A maior men\u00e7\u00e3o, sem d\u00favida nenhuma, \u00e9 a da Fam\u00edlia Real Portuguesa, mas h\u00e1 ali uma certa celebra\u00e7\u00e3o aos Cavaleiro Templ\u00e1rios.<\/p>\n\n\n\n<p>No passado, os nazistas gostavam de uma outra ordem, a dos\nCavaleiros Teut\u00f4nicos. Durante desfiles c\u00edvicos na Alemanha de Hitler, era\nmuito comum haver in\u00fameras representa\u00e7\u00f5es destes. As duas ordens tiveram\natua\u00e7\u00e3o nas cruzadas, s\u00f3 que os Templ\u00e1rios em pa\u00edses como a Fran\u00e7a e Portugal,\ne os Teut\u00f4nicos no Reino da Pr\u00fassia e no Imp\u00e9rio Germ\u00e2nico. De qualquer forma,\nparece claro que o objetivo dos bolsonaristas, assim como era dos nazistas, \u00e9\nexaltar um suposto passado de hero\u00edsmo para unir todo um povo com o discurso de\numa origem pura da na\u00e7\u00e3o. Alvim quis trazer isso para a cultura nacional quando\ndisse: <em>\u201cA arte brasileira da pr\u00f3xima d\u00e9cada ser\u00e1 heroica e nacional\u201d<\/em>.<\/p>\n\n\n\n<p>Outro dado que faz parte do arcabou\u00e7o ideol\u00f3gico do\nbolsonarismo \u00e9 o monarquismo. Por sinal, um dos bolsonariastas mais c\u00e9lebres \u00e9 Luiz\nPhilippe de Orl\u00e9ans e Bragan\u00e7a, o autointitulado pr\u00edncipe do Brasil, aquele que\ndisse esperar que o Bolsonaro seja o \u00faltimo Presidente da Rep\u00fablica. O\nsaudosismo da monarquia \u00e9 t\u00edpica dos fascista, e, vejam, n\u00e3o est\u00e1 se falando de\num conservador brit\u00e2nico que quer manter uma tradi\u00e7\u00e3o, mas, sim, de pessoas que\nquerem voltar a um passado. Mussolini queria reviver o Imp\u00e9rio Romano, Hitler\nentendia seu governo como o terceiro reino, ou <em>III Reich<\/em>, e Franco s\u00f3\naceitou deixar o poder com reestabelecimento da fam\u00edlia real espanhola.<\/p>\n\n\n\n<p>A tara pela volta de um rei ou imperador \u00e9 que ele seja a\nencarna\u00e7\u00e3o dos valores que guiam a na\u00e7\u00e3o. Portanto, quando Alvim falava o tempo\ntodo em origens, na\u00e7\u00e3o e hero\u00edsmo, al\u00e9m de muito sintonizado ao nazifascismo,\ntamb\u00e9m estava umbilicalmente ligado com o bolsonarismo.<\/p>\n\n\n\n<h2 class=\"wp-block-heading\">QueerMuseu e a Arte degenerada<\/h2>\n\n\n\n<p>Muitos se lembram quando o MBL perseguiu e pediu para censurar o QueerMuseu em Porto Alegre. A alega\u00e7\u00e3o era que a amostra promovia apologia \u00e0 pedofilia, zoofilia e a ideologia de g\u00eanero. Na verdade, a exposi\u00e7\u00e3o visava apenas colocar no campo das artes a discuss\u00e3o sobre g\u00eanero que acontece em diversas \u00e1reas acad\u00eamicas, como a filosofia, as ci\u00eancias sociais, a biologia, a medicina, a gen\u00e9tica e a neuroci\u00eancia. Infelizmente, a direita vulgariza o debate colocando tudo no mesmo plano da imoralidade. O argumento central dos extremistas \u00e9 que essa \u00e9 uma estrat\u00e9gia de corromper a sociedade atrav\u00e9s do marxismo cultural.<\/p>\n\n\n\n<p>Em 1937, na cidade de Munique, foi feito o Museu de Arte\nDegenerada, exposi\u00e7\u00e3o que depois foi a v\u00e1rias outras cidades do chamado <em>III\nReich<\/em>. O alvo principal era a chamada arte moderna. As obras eram colocadas\nao lado de imagens de pessoas deficientes para dar a impress\u00e3o de que eram feitas\npor doentes mentais.<\/p>\n\n\n\n<p>Durante a pol\u00eamica do QueerMuseu, um grupo chamado \u201cTradutores de Direita\u201d publicou um v\u00eddeo em que um rapaz exp\u00f5e v\u00e1rias obras aparentemente ruins, generaliza como se todo o modernismo fosse assim, e faz afirma\u00e7\u00f5es do tipo: <em>\u201ca Arte Moderna ou a Arte Conceitual n\u00e3o \u00e9 Arte de modo algum. \u00c9 uma panelinha de babacas pretensiosos, que tentam parecer sofisticados, atribuindo sentido a algo que n\u00e3o tem sentido algum\u201d<\/em> \u2013 Repetindo, h\u00e1 problemas com a arte moderna atual, mas n\u00e3o s\u00e3o esses.<\/p>\n\n\n\n<p>Conforme colocado anteriormente, a ideia de aplicar a ignor\u00e2ncia\norgulhosa &#8211; a do n\u00e3o entendo, logo nada significa &#8211; \u00e9 comum na extrema direita.\nHitler, por um lado, desqualificava aquilo que parecia incompreens\u00edvel como\nsendo feito por deficientes mentais, e o rapaz do v\u00eddeo rejeita aquilo que n\u00e3o\ncompreende nos museus modernistas acusando os artistas de delirantes. Incrivelmente\nigual! Al\u00e9m, \u00e9 claro, de culpar o Marxismo Cultural pela suposta falta de\nqualidade na arte moderna, assim como os nazistas atribu\u00edam o modernismo da\n\u00e9poca ao bolchevismo cultural.<\/p>\n\n\n\n<figure class=\"wp-block-embed-youtube wp-block-embed is-type-video is-provider-youtube wp-embed-aspect-16-9 wp-has-aspect-ratio\"><div class=\"wp-block-embed__wrapper\">\nhttps:\/\/www.youtube.com\/watch?v=qZN_MsWyD5o\n<\/div><\/figure>\n\n\n\n<p>Mas a pr\u00f3pria persegui\u00e7\u00e3o a exposi\u00e7\u00e3o de Porto Alegre, al\u00e9m\nde se assemelhar com movimento contra a Arte Degenera, se parece muito mais com\na ca\u00e7a que os nazistas fizeram com Freud. A bronca do nazismo com o\npsicanalista \u00e9 por conta de suas teorias de que crian\u00e7as tem sexualidade. J\u00e1 o\nmoralistas do MBL ficaram chocados com o debate, feito pelas obras do museu ga\u00facho,\nde que menores de idade podem ser homossexuais e at\u00e9 transsexuais.<\/p>\n\n\n\n<p>No epis\u00f3dio brasileiro, inclusive, os ultra direitistas fizeram quest\u00e3o absoluta de desmoralizar os quadros dizendo que aquilo n\u00e3o era arte. Alguns afirmaram que aquilo era simplesmente pornografia com a fun\u00e7\u00e3o de degenerar crian\u00e7as. Por mais incomodo que fossem, aquelas figuras n\u00e3o tinham inten\u00e7\u00e3o de provocar libido, logo n\u00e3o eram pornogr\u00e1ficas. Por outro lado, toda obra art\u00edstica tem o prop\u00f3sito de provocar reflex\u00e3o, e se voc\u00ea amou ou odiou, pouco importa, s\u00f3 um nazista que gosta de exalta o belo e os valores hegem\u00f4nicos acha que quadro deve ter um encaminhamento moral.<\/p>\n\n\n\n<h2 class=\"wp-block-heading\">Uma extrema-direita que quer aplicar o fascismo sem\nparecer fascista<\/h2>\n\n\n\n<p>Marine Le Pen, da Frente Nacional, partido oriundo de v\u00e1rios\npartidos nazistas e fascistas na Fran\u00e7a, e filha de Jean-Marie Le Pen, um\nnazista assumido, criticou Bolsonaro por dizer \u201ccoisas extremamente\ndesagrad\u00e1veis&#8221;. No exterior, o presidente brasileiro \u00e9 visto com espanto\nat\u00e9 por aqueles que defendem abertamente a xenofobia, o antissemitismo e s\u00e3o\nherdeiros dos nazifascistas.<\/p>\n\n\n\n<p>O nazifascismo est\u00e1 fora de moda, seu legado para humanidade\n\u00e9 p\u00e9ssimo. Por\u00e9m, suas ideias, por mais que n\u00e3o sejam chamadas pelo, s\u00e3o\nsucesso pois fazem a chamada dial\u00e9tica positiva, aquela que apela \u00e0 aliena\u00e7\u00e3o\nde classes, aos valores morais hegem\u00f4nicos e a ideia de na\u00e7\u00e3o.<\/p>\n\n\n\n<p>Crises pol\u00edticas e econ\u00f4micas no mundo todo despertam a\ncadela no cio do fascismo. Por\u00e9m, como \u00e9 feio parecer um, a extrema-direita se\ndisfar\u00e7a com novas nomenclaturas como Alian\u00e7a, Frente ou Liga.<\/p>\n\n\n\n<p>Por isso, \u00e9 preciso lembrar ao povo que as ideias de Roberto\nAlvim derivam da tese do Marxismo Cultural, que \u00e9 uma tese da extrema direita,\nimportada por Olavo de Carvalho e que \u00e9 uma adapta\u00e7\u00e3o do Bolchevismo Cultural,\numa tese nazista.<\/p>\n\n\n\n<p>E MBL e cia n\u00e3o t\u00eam o direito de se escandalizarem com tais declara\u00e7\u00f5es, pois eles alimentaram essas teorias malucas, perseguiram o <em>Queermuseu<\/em>, cutucaram as minorias sob o argumento de combater a chamada ideologia de g\u00eanero, entre outras coisas. S\u00e3o iguais, s\u00e3o s\u00f3cios ocultos no fracasso do ex-secret\u00e1rio de cultura.<\/p>\n\n\n\n<p>A extrema-direita n\u00e3o gosta da pecha de fascista, porque pega\nmal, mas adora suas ideias. Alvim foi apenas sincero, mas o problema continua\nsendo a agenda reacion\u00e1ria do governo Bolsonaro.<\/p>\n","protected":false},"excerpt":{"rendered":"<p>Direita, esquerda, centro, imprensa e boa parte do povo brasileiro manifestaram profundo horror com o pronunciamento do ex-secret&aacute;rio da cultura [&hellip;]<\/p>\n","protected":false},"author":1,"featured_media":65,"comment_status":"closed","ping_status":"closed","sticky":false,"template":"","format":"standard","meta":{"site-sidebar-layout":"default","site-content-layout":"","ast-site-content-layout":"","site-content-style":"default","site-sidebar-style":"default","ast-global-header-display":"","ast-banner-title-visibility":"","ast-main-header-display":"","ast-hfb-above-header-display":"","ast-hfb-below-header-display":"","ast-hfb-mobile-header-display":"","site-post-title":"","ast-breadcrumbs-content":"","ast-featured-img":"","footer-sml-layout":"","theme-transparent-header-meta":"","adv-header-id-meta":"","stick-header-meta":"","header-above-stick-meta":"","header-main-stick-meta":"","header-below-stick-meta":"","astra-migrate-meta-layouts":"default","ast-page-background-enabled":"default","ast-page-background-meta":{"desktop":{"background-color":"var(--ast-global-color-4)","background-image":"","background-repeat":"repeat","background-position":"center center","background-size":"auto","background-attachment":"scroll","background-type":"","background-media":"","overlay-type":"","overlay-color":"","overlay-gradient":""},"tablet":{"background-color":"","background-image":"","background-repeat":"repeat","background-position":"center center","background-size":"auto","background-attachment":"scroll","background-type":"","background-media":"","overlay-type":"","overlay-color":"","overlay-gradient":""},"mobile":{"background-color":"","background-image":"","background-repeat":"repeat","background-position":"center center","background-size":"auto","background-attachment":"scroll","background-type":"","background-media":"","overlay-type":"","overlay-color":"","overlay-gradient":""}},"ast-content-background-meta":{"desktop":{"background-color":"var(--ast-global-color-5)","background-image":"","background-repeat":"repeat","background-position":"center center","background-size":"auto","background-attachment":"scroll","background-type":"","background-media":"","overlay-type":"","overlay-color":"","overlay-gradient":""},"tablet":{"background-color":"var(--ast-global-color-5)","background-image":"","background-repeat":"repeat","background-position":"center center","background-size":"auto","background-attachment":"scroll","background-type":"","background-media":"","overlay-type":"","overlay-color":"","overlay-gradient":""},"mobile":{"background-color":"var(--ast-global-color-5)","background-image":"","background-repeat":"repeat","background-position":"center center","background-size":"auto","background-attachment":"scroll","background-type":"","background-media":"","overlay-type":"","overlay-color":"","overlay-gradient":""}},"footnotes":""},"categories":[1],"tags":[10,21,22,20,15,19],"class_list":["post-56","post","type-post","status-publish","format-standard","has-post-thumbnail","hentry","category-sem-categoria","tag-bolsonaro","tag-fascismo","tag-marxismo-cultural","tag-nazismo","tag-olavo-de-carvalho","tag-roberto-alvim"],"_links":{"self":[{"href":"https:\/\/raizdaquestao.com.br\/index.php?rest_route=\/wp\/v2\/posts\/56","targetHints":{"allow":["GET"]}}],"collection":[{"href":"https:\/\/raizdaquestao.com.br\/index.php?rest_route=\/wp\/v2\/posts"}],"about":[{"href":"https:\/\/raizdaquestao.com.br\/index.php?rest_route=\/wp\/v2\/types\/post"}],"author":[{"embeddable":true,"href":"https:\/\/raizdaquestao.com.br\/index.php?rest_route=\/wp\/v2\/users\/1"}],"replies":[{"embeddable":true,"href":"https:\/\/raizdaquestao.com.br\/index.php?rest_route=%2Fwp%2Fv2%2Fcomments&post=56"}],"version-history":[{"count":0,"href":"https:\/\/raizdaquestao.com.br\/index.php?rest_route=\/wp\/v2\/posts\/56\/revisions"}],"wp:featuredmedia":[{"embeddable":true,"href":"https:\/\/raizdaquestao.com.br\/index.php?rest_route=\/wp\/v2\/media\/65"}],"wp:attachment":[{"href":"https:\/\/raizdaquestao.com.br\/index.php?rest_route=%2Fwp%2Fv2%2Fmedia&parent=56"}],"wp:term":[{"taxonomy":"category","embeddable":true,"href":"https:\/\/raizdaquestao.com.br\/index.php?rest_route=%2Fwp%2Fv2%2Fcategories&post=56"},{"taxonomy":"post_tag","embeddable":true,"href":"https:\/\/raizdaquestao.com.br\/index.php?rest_route=%2Fwp%2Fv2%2Ftags&post=56"}],"curies":[{"name":"wp","href":"https:\/\/api.w.org\/{rel}","templated":true}]}}