{"id":98,"date":"2020-09-14T08:21:45","date_gmt":"2020-09-14T11:21:45","guid":{"rendered":"https:\/\/raizdaquestao.com.br\/?p=98"},"modified":"2020-09-14T08:25:29","modified_gmt":"2020-09-14T11:25:29","slug":"eleicoes-e-falta-de-visao-da-luta-de-classes-fazem-a-esquerda-adubar-bolsonaro-na-pandemia","status":"publish","type":"post","link":"https:\/\/raizdaquestao.com.br\/?p=98","title":{"rendered":"Elei\u00e7\u00f5es e falta de vis\u00e3o da luta de classes fazem a esquerda adubar Bolsonaro na pandemia"},"content":{"rendered":"\n<p>Pesquisa simulando disputa presidencial divulgada em 6 de agosto pelo <a href=\"https:\/\/www.poder360.com.br\/poderdata\/hoje-eleicao-presidencial-teria-bolsonaro-a-frente-de-todos-no-1o-turno\/\">PoderData<\/a> aponta que Jair Bolsonaro teria, no momento, 38% das inten\u00e7\u00f5es de votos, 24 p.p. a frente de Fernando Haddad, que soma 14%, e em terceiro lugar aparece S\u00e9rgio Moro com 10% da prefer\u00eancia. O Raiz da Quest\u00e3o entende que toda pesquisa eleitoral \u00e9 um ato pol\u00edtico com algum lastro de realidade ou, em outras palavras, n\u00e3o \u00e9 porque a Folha de S\u00e3o Paulo ataca o Presidente que a esquerda deve acreditar que o DataFolha \u00e9 s\u00e9rio. Mas, se n\u00e3o houver alguma conex\u00e3o com a opini\u00e3o das pessoas, ou se, por exemplo, a pesquisa apontar o Jo\u00e3o Amo\u00eado com 80%, a apura\u00e7\u00e3o ficar\u00e1 em evidente descr\u00e9dito na opini\u00e3o p\u00fablica.<\/p>\n\n\n\n<p>Se verdadeira, a soma das inten\u00e7\u00f5es de voto de Moro e Bolsonaro totalizam 48%, ou seja, se a elei\u00e7\u00e3o fosse hoje, a extrema-direita teria quase metade do eleitorado. E a\u00ed, muita gente da esquerda se pergunta: como? Como um sujeito que incentiva aglomera\u00e7\u00f5es desnecess\u00e1rias, gasta quase nada do or\u00e7amento para combater o novo coronav\u00edrus, que incentiva o uso de um medicamento sem comprova\u00e7\u00e3o e que d\u00e1 declara\u00e7\u00f5es infelizes dia ap\u00f3s dia aparece liderando uma pesquisa com folga?<\/p>\n\n\n\n<p>Muitos especialistas apontam o aux\u00edlio emergencial como a principal hip\u00f3tese, afinal, o atual mandat\u00e1rio da Rep\u00fablica ganha em todas as classes, com exce\u00e7\u00e3o dos mais ricos, que antes eram os que mais o apoiavam. Vence, inclusive, entre os mais pobres, que antes eram os que mais o rejeitavam. Em outras palavras, Bolsonaro trocou o eleitorado de classe m\u00e9dia-alta por um de classe baixa, o que n\u00e3o \u00e9 novidade. Lula, que em 2002 tinha sua base eleitoral na classe m\u00e9dia urbana, hoje tem seus votos nos rinc\u00f5es do pa\u00eds.<\/p>\n\n\n\n<p>A hip\u00f3tese do aux\u00edlio emerg\u00eancia \u00e9 a mais \u00f3bvia para explicar o cen\u00e1rio pol\u00edtico atual. Por\u00e9m, o blogueiro que vos fala cogita uma outra possibilidade.<\/p>\n\n\n\n<h2 class=\"wp-block-heading\">Coronav\u00edrus: Bolsonaro vendeu uma farsa, governadores e a esquerda ca\u00edram (de prop\u00f3sito).<\/h2>\n\n\n\n<p>Morrer sem renda ou doente, eis a falsa dicotomia imposta por Bolsonaro, <a href=\"https:\/\/raizdaquestao.com.br\/?p=81\" class=\"broken_link\">conforme apontado no texto do blog em 7 de abril desse ano<\/a>. A partir da\u00ed se iniciou uma batalha entre os contra e os a favor da quarentena.<\/p>\n\n\n\n<p>O Presidente de Rep\u00fablica saiu com a estrat\u00e9gia de atacar tal medida, o que pode ser caracterizado como algo triplamente covarde. Primeiro, porque sabia que n\u00e3o tinha inger\u00eancia sobre a abertura ou fechamento de atividades n\u00e3o-ess\u00eancias, algo que cabia a governadores e prefeitos, logo, n\u00e3o seria de sua responsabilidade um n\u00famero ainda maior de mortos por COVID-19, o que o colocava numa f\u00e1cil posi\u00e7\u00e3o de cr\u00edtico. Se sua decis\u00e3o fosse decisiva para um desastre ainda maior, \u00e9 de se duvidar que sua postura seria a mesma. Segundo, porque ele sabia que n\u00e3o haveria uma melhora econ\u00f4mica significativa com uma poss\u00edvel volta do com\u00e9rcio, uma vez o Brasil \u00e9 um pa\u00eds agroexportador e a recess\u00e3o \u00e9 global. Por fim, \u00e9 muito f\u00e1cil incentivar pessoas a sa\u00edrem de suas casas quando se tem um atendimento medicinal de um chefe de estado, diferentemente do povo que \u00e9 atendido no SUS ou nos caros e prec\u00e1rios planos de sa\u00fade da classe m\u00e9dia.<\/p>\n\n\n\n<p>Por esse racioc\u00ednio, o leitor j\u00e1 pode perceber como o capitalismo \u00e9 mesquinho. Reparem, o plano era que pessoas se aglomerassem em cinemas, lojas, est\u00e1dios, casas noturnas, bares e restaurantes para que pipoqueiros, motoristas de aplicativo, lojistas e gar\u00e7ons tivessem emprego e renda, mesmo que isso lhes oferecessem um risco enorme de contrair uma doen\u00e7a altamente contagiosa.<\/p>\n\n\n\n<p>Mas, mesmo nesse mar de mesquinhes, a classe trabalhadora precisa de dinheiro, mesmo que da forma mais primitiva. E \u00e9 a\u00ed que a maioria dos prefeitos e governadores fizeram quest\u00e3o de n\u00e3o entender, ou n\u00e3o atender, melhor dizendo.<\/p>\n\n\n\n<p>Os R$600,00 de aux\u00edlio emergencial, que o Presidente jogou contra em um primeiro momento e depois surfou na onda, \u00e9 extremamente importante para saciar a fome de muita gente que ficou desamparada com a crise. Por\u00e9m, o valor \u00e9 completamente insuficiente para suprir as necessidades dos trabalhadores. Um exemplo claro disso \u00e9 o fato do <a href=\"https:\/\/br.noticias.yahoo.com\/sao-paulo-tem-uma-nova-acao-com-pedido-de-despejo-a-cada-22-minutos-durante-pandemia-do-coronavirus-141346806.html\" class=\"broken_link\">estado de S\u00e3o Paulo registrar uma a\u00e7\u00e3o de despejo a cada 22 minutos durante a pandemia<\/a>, um recorde hist\u00f3rico.<\/p>\n\n\n\n<p>O \u2018ficar em casa\u2019 foi extremamente importante para conter o avan\u00e7o do v\u00edrus, mas tal ato atende apenas uma min\u00fascula parte da popula\u00e7\u00e3o que p\u00f4de fazer <em>home office<\/em> ou que tinha algum tipo de reserva financeira. Para o resto, ou representou trabalhar sob enorme risco, ou o desemprego. E nenhuma autoridade apresentou uma m\u00ednima solu\u00e7\u00e3o para resolver o problema. O resultado foi: o povo saiu \u00e0s ruas para procurar seu sustento.<\/p>\n\n\n\n<p>Pior, em S\u00e3o Paulo, Prefeito e Governador resolveram colocar a culpa &#8230; no pr\u00f3prio povo! Em meados de maio, Bruno Covas e Jo\u00e3o Doria sintetizaram toda a covardia bolsonarista em um ato s\u00f3, decretaram um rod\u00edzio de autom\u00f3veis na capital \u201cdia sim, dia n\u00e3o\u201d, o que acabou lotando o transporte p\u00fablico e gerou mais aglomera\u00e7\u00f5es.<\/p>\n\n\n\n<p>A ideia era que, como a popula\u00e7\u00e3o n\u00e3o estava respeitando o isolamento social, seria necess\u00e1ria uma restri\u00e7\u00e3o maior. O que os dois tucanos n\u00e3o disseram era que o rod\u00edzio foi decretado em hor\u00e1rio comercial, ou seja, as pessoas que deixaram seus lares n\u00e3o o faziam para o laser, mas sim para labutar e pagar suas contas.<\/p>\n\n\n\n<p>A insensibilidade foi tamanha que em 12 de maio, no programa Brasil Urgente, Datena perguntou: <em>\u201cSe o cara n\u00e3o tiver grana, n\u00e3o tiver comida, o que o cara vai fazer preso dentro de casa?\u201d<\/em>, e a resposta do Doria foi simplesmente indecente: <em>\u201c&#8230;desculpa falar uma frase dura, mas ela \u00e9 verdadeira, \u00e9 melhor ficar confinado do que enterrado!\u201d<\/em><\/p>\n\n\n\n<figure class=\"wp-block-embed-youtube wp-block-embed is-type-video is-provider-youtube wp-embed-aspect-16-9 wp-has-aspect-ratio\"><div class=\"wp-block-embed__wrapper\">\n<div class=\"ast-oembed-container \" style=\"height: 100%;\"><iframe loading=\"lazy\" title=\"Lockdown n\u00e3o est\u00e1 descartado em SP, diz Doria em entrevista a Datena\" width=\"500\" height=\"281\" src=\"https:\/\/www.youtube.com\/embed\/7afykb5XIGE?feature=oembed\" frameborder=\"0\" allow=\"accelerometer; autoplay; clipboard-write; encrypted-media; gyroscope; picture-in-picture; web-share\" referrerpolicy=\"strict-origin-when-cross-origin\" allowfullscreen><\/iframe><\/div>\n<\/div><figcaption>Pergunta e resposta a partir dos 11:00 minutos<\/figcaption><\/figure>\n\n\n\n<h2 class=\"wp-block-heading\">A extrema-direita se fortalece com uma esquerda que amansa seu discurso.<\/h2>\n\n\n\n<p>A estrat\u00e9gia dos governadores e prefeitos foi simplesmente a de administrar a crise, e n\u00e3o de resolv\u00ea-la. Funcionou da seguinte forma: apesar do n\u00famero elevado de mortes e contaminados no Brasil, tal calamidade n\u00e3o foi o suficiente para provocar um colapso total na sa\u00fade. Por outro lado, apesar da grav\u00edssima crise econ\u00f4mica, o R$600,00 foram suficientes para conter saques a supermercados e qualquer outro tipo de revolta popular mais grave.<\/p>\n\n\n\n<p>Em suma, o objetivo era controlar a crise sem gastar muito, mas sem provocar colapso social. Para resolver de verdade o problema era preciso uma atitude mais assertiva, mexer no bolso da burguesia, algo que Doria, Wietzel, Maia e, inclusive, os governantes do PT e PCdoB eram incapazes de fazer. Os da direita por falta de prop\u00f3sito, e os da esquerda por falta de vontade.<\/p>\n\n\n\n<p>Sendo assim, o povo desesperado caiu no colo do Bolsonaro por ser aquele que leva o falso m\u00e9rito do aux\u00edlio emergencial, mas tamb\u00e9m porque vocalizou o sentimento dos desesperados que ainda torcem para a que a economia volte a funcionar como era antes.<\/p>\n\n\n\n<p>Mas, notem, ser\u00e1 mesmo que \u00e9 preciso escolher entre ficar sem renda ou ficar doente? A resposta que deveria ser difundida nos 4 cantos pela esquerda \u00e9 um sonoro n\u00e3o!<\/p>\n\n\n\n<p>Raciocinem: o que era ou \u00e9 preciso para sobreviver numa pandemia? De cara, alguns itens vem a mente: comida, m\u00e1scara, \u00e1lcool em gel, medicamentos, \u00e1gua, luz, casa, etc.<\/p>\n\n\n\n<p>Da\u00ed vem alguns questionamentos, o primeiro \u00e9 se o Brasil tinha ou tem insumos para produzir tudo isso? A resposta \u00e9 sim. O segundo, se havia ou h\u00e1 meios de produ\u00e7\u00e3o para se fabricar o que era necess\u00e1rio? Sim. Por fim, isso seria ou \u00e9 suficiente para a abastecer toda a popula\u00e7\u00e3o? Claro, pois o pa\u00eds que mais produz alimentos e com maior quantidade de bens naturais pode proporcionar isso ao seu povo.<\/p>\n\n\n\n<p>Al\u00e9m disso, havia e h\u00e1 m\u00e3o-de-obra de sobra para elevar a produ\u00e7\u00e3o, dado o enorme desemprego. Dessa forma, por que n\u00e3o concentrar toda a classe trabalhadora na produ\u00e7\u00e3o de itens essenciais? Assim, aqueles que estavam ativos reduziriam significativamente sua carga de trabalho e se exporiam menos ao v\u00edrus, e os desempregados teriam renda com infla\u00e7\u00e3o baixa, j\u00e1 que, nessa proposta, poderia haver uma superoferta.<\/p>\n\n\n\n<p>Em suma, por que n\u00e3o fizeram com que todos produzissem tudo para todos? Por que n\u00e3o fazer isso, ao inv\u00e9s de ficar esperando e apressando a volta a est\u00e1dios de futebol ou de casas noturnas para que motoristas de aplicativo e pipoqueiros tenham uma renda baix\u00edssima? A resposta esbarrava, claro, na propriedade privada dos meios de produ\u00e7\u00e3o.<\/p>\n\n\n\n<p>A estrat\u00e9gia da burguesia foi a de criar estagfla\u00e7\u00e3o. Por regra, quanto menor a demanda, menor ser\u00e1 o pre\u00e7o; por\u00e9m, o setor produtivo adotou a estrat\u00e9gia de reduzir a produ\u00e7\u00e3o, reduzindo seus custos e aumentando recess\u00e3o. Assim, foi gerada outra lei da economia: quanto menor a oferta, maior a escassez, mais disputada ser\u00e1 a mercadoria e maior ser\u00e1 o pre\u00e7o. Com menos gastos para produzir e com maior valor de venda, mesmo com queda na demanda, os capitalistas mantiveram suas margens de lucro intactas em plena pandemia.<\/p>\n\n\n\n<h2 class=\"wp-block-heading\">Um conjunto de propostas que n\u00e3o seriam aprovadas, mas que seria importante apresent\u00e1-las<\/h2>\n\n\n\n<p>Uma coisa que o leitor precisa ter em mente \u00e9 que a pol\u00edtica n\u00e3o \u00e9 uma disputa de ideias, e sim uma correla\u00e7\u00e3o de for\u00e7as. Aqui v\u00e3o um conjunto de propostas que a esquerda deveria adotar no enfrentamento da pandemia, mas que provavelmente n\u00e3o seriam aprovadas, e, a seguir, voc\u00ea entender\u00e1 porque mesmo assim seria importante apresent\u00e1-las:<\/p>\n\n\n\n<p>-Proibi\u00e7\u00e3o da diminui\u00e7\u00e3o da produ\u00e7\u00e3o: assim, nenhum item de necessidade b\u00e1sica estaria em falta ou seria inflacionado. E, dessa forma, o empresariado seria obrigado a manter seu quadro de funcion\u00e1rios;<\/p>\n\n\n\n<p>-Redu\u00e7\u00e3o da jornada de trabalho: Reduziria a exposi\u00e7\u00e3o dos trabalhadores ativos ao coronav\u00edrus e, com a impossibilidade de reduzir a quantidade de bens fabricado, o patr\u00e3o seria obrigado a contratar para suprir a demanda;<\/p>\n\n\n\n<p>-Suspens\u00e3o dos juros e alugu\u00e9is: Em um momento de grave crise, n\u00e3o \u00e9 hora de banqueiro ou rentista lucrarem.<\/p>\n\n\n\n<p>Observem que essas n\u00e3o s\u00e3o ideias que socializariam os meios de produ\u00e7\u00e3o, apesar de ser essa a vontade do blogueiro que vos fala. Mas, muita gente dir\u00e1 que tal conjunto de medidas jamais seria aprovado pelo congresso, e isso parece \u00f3bvio. S\u00f3 que, se a esquerda conseguisse difundir um discurso radicalizado para a popula\u00e7\u00e3o, de que ela n\u00e3o \u00e9 obrigada a escolher entre ficar sem renda ou se expor a um v\u00edrus, talvez isso trouxesse um medo para a burguesia, a de perder seus neg\u00f3cios no pa\u00eds por uma revolta popular, que a fizesse abrir mais os cofres. Ao inv\u00e9s dos R$600 de aux\u00edlio emergencial, esse valor poderia subir para R$1.000 ou 1.200, por exemplo.<\/p>\n\n\n\n<p>Em 20 de agosto, meses ap\u00f3s o in\u00edcio da pandemia, o Congresso Nacional derrubou o veto do Presidente e sancionou a lei que proibia os despejos at\u00e9 30 de outubro. Se o povo estivesse radicalizado e mobilizado, talvez por medo, os pol\u00edticos aprovassem essa medida antes e por mais tempo, j\u00e1 que a previs\u00e3o de imuniza\u00e7\u00e3o por uma vacina s\u00f3 ocorra ano que vem.<\/p>\n\n\n\n<p>Quem deveria levar essas propostas ao povo era a esquerda. Quem poderia acabar com a falsa dicotomia de Bolsonaro eram os movimentos e partidos populares. Mas, campo progressista preferiu outro caminho.<\/p>\n\n\n\n<h2 class=\"wp-block-heading\">Frente Ampla, elei\u00e7\u00f5es municipais e nacos no Estado<\/h2>\n\n\n\n<p>Nesse momento de pandemia e crise, a esquerda tinha todos os elementos para fazer um grande movimento contra o Bolsonaro e suas pol\u00edticas neoliberais. Mas, ao inv\u00e9s disso, preferiu fazer o discurso nobre da civilidade e em nome do \u2018salvar vidas\u2019. Marcelo Freixo foi mais al\u00e9m, participou do movimento #FicaMandetta, em defesa do ministro do DEM que, entre outras coisas, foi respons\u00e1vel por acabar com o programa \u2018Mais M\u00e9dicos\u2019.<\/p>\n\n\n\n<p>Mas a sanha centrista \u00e9 ainda mais vis\u00edvel quando est\u00e1 sob o comando do PCdoB e da ala direita do PT com o apoio expl\u00edcito a Rodrigo Maia, aquele que incrivelmente viu crime de responsabilidade de Dilma Rousseff, mas que n\u00e3o enxerga o mesmo de um Bolsonaro que homenageia o golpe de 64, flerta abertamente com a interven\u00e7\u00e3o militar, entre muitas outras coisas.<\/p>\n\n\n\n<p>A ideia de n\u00e3o radicaliza\u00e7\u00e3o come\u00e7ou logo no in\u00edcio da pandemia. O discurso do \u2018Fica em casa\u2019 suprimiu as manifesta\u00e7\u00f5es pelo \u2018Fora, Bolsonaro!\u2019 marcadas para o dia 18 de mar\u00e7o. Todavia, trabalhadores continuaram se aglomerando em trens e metr\u00f4s, ou simplesmente foram demitidos. Em seguida, v\u00e1rios atos foram esvaziados por pol\u00edticos e personalidade pelo mesmo motivo, enquanto, ao mesmo tempo, Bolsonaro pregava abertamente o golpe de estado.<\/p>\n\n\n\n<p>Por outro lado, o que se viu foram l\u00edderes de esquerda fazendo campanhas de Twitter, apoiando a Rede Globo contra os ataques do Presidente, dando suporte a um <em>youtuber<\/em> de cabelo rosa, fazendo abaixo-assinado com gente que apoio o golpe de 2016 e que deu suporte a Lava-Jato, participando da campanha verde-amarelista da Folha de SP, tentando formar coliga\u00e7\u00f5es com pessoas altamente direitistas, etc.<\/p>\n\n\n\n<p>Esse movimento da esquerda de n\u00e3o radicalizar e n\u00e3o se mobilizar tinha um norte, as elei\u00e7\u00f5es municipais, a frente ampla e espa\u00e7os dentro do estado brasileiro. Ao n\u00e3o polarizar o discurso, os partidos do chamado campo progressista se vendem para a burguesia em troca de alian\u00e7as nos pleitos de 2020, cargos nas diversas e esferas de poder.<\/p>\n\n\n\n<p>Mas, acima de tudo, a recusa em polarizar atende um discurso pequeno burgu\u00eas de classe m\u00e9dia, o da pondera\u00e7\u00e3o e da civilidade. S\u00f3 que a barb\u00e1rie j\u00e1 est\u00e1 na falta de renda, no desalento e na desesperan\u00e7a do povo, o qual n\u00e3o se sente abra\u00e7ado por um discurso progressista vazio e sem no\u00e7\u00e3o da luta de classes. O resultado \u00e9 um povo que acaba se agarrando no discurso genocida de Bolsonaro.<\/p>\n","protected":false},"excerpt":{"rendered":"<p>A esquerda se recusa a fazer um discurso classista e, com isso, n\u00e3o atende os anseios do povo. O que fortalece Bolsonaro, que, por sua vez, vocaliza os desesperados com uma proposta enganosa.<\/p>\n","protected":false},"author":1,"featured_media":99,"comment_status":"open","ping_status":"open","sticky":false,"template":"","format":"standard","meta":{"site-sidebar-layout":"default","site-content-layout":"","ast-site-content-layout":"","site-content-style":"default","site-sidebar-style":"default","ast-global-header-display":"","ast-banner-title-visibility":"","ast-main-header-display":"","ast-hfb-above-header-display":"","ast-hfb-below-header-display":"","ast-hfb-mobile-header-display":"","site-post-title":"","ast-breadcrumbs-content":"","ast-featured-img":"","footer-sml-layout":"","theme-transparent-header-meta":"","adv-header-id-meta":"","stick-header-meta":"","header-above-stick-meta":"","header-main-stick-meta":"","header-below-stick-meta":"","astra-migrate-meta-layouts":"default","ast-page-background-enabled":"default","ast-page-background-meta":{"desktop":{"background-color":"var(--ast-global-color-4)","background-image":"","background-repeat":"repeat","background-position":"center center","background-size":"auto","background-attachment":"scroll","background-type":"","background-media":"","overlay-type":"","overlay-color":"","overlay-gradient":""},"tablet":{"background-color":"","background-image":"","background-repeat":"repeat","background-position":"center center","background-size":"auto","background-attachment":"scroll","background-type":"","background-media":"","overlay-type":"","overlay-color":"","overlay-gradient":""},"mobile":{"background-color":"","background-image":"","background-repeat":"repeat","background-position":"center center","background-size":"auto","background-attachment":"scroll","background-type":"","background-media":"","overlay-type":"","overlay-color":"","overlay-gradient":""}},"ast-content-background-meta":{"desktop":{"background-color":"var(--ast-global-color-5)","background-image":"","background-repeat":"repeat","background-position":"center center","background-size":"auto","background-attachment":"scroll","background-type":"","background-media":"","overlay-type":"","overlay-color":"","overlay-gradient":""},"tablet":{"background-color":"var(--ast-global-color-5)","background-image":"","background-repeat":"repeat","background-position":"center center","background-size":"auto","background-attachment":"scroll","background-type":"","background-media":"","overlay-type":"","overlay-color":"","overlay-gradient":""},"mobile":{"background-color":"var(--ast-global-color-5)","background-image":"","background-repeat":"repeat","background-position":"center center","background-size":"auto","background-attachment":"scroll","background-type":"","background-media":"","overlay-type":"","overlay-color":"","overlay-gradient":""}},"footnotes":""},"categories":[1],"tags":[10,28,26,23,17,27],"class_list":["post-98","post","type-post","status-publish","format-standard","has-post-thumbnail","hentry","category-sem-categoria","tag-bolsonaro","tag-coronavirus","tag-covid-19","tag-doria","tag-esquerda","tag-freixo"],"_links":{"self":[{"href":"https:\/\/raizdaquestao.com.br\/index.php?rest_route=\/wp\/v2\/posts\/98","targetHints":{"allow":["GET"]}}],"collection":[{"href":"https:\/\/raizdaquestao.com.br\/index.php?rest_route=\/wp\/v2\/posts"}],"about":[{"href":"https:\/\/raizdaquestao.com.br\/index.php?rest_route=\/wp\/v2\/types\/post"}],"author":[{"embeddable":true,"href":"https:\/\/raizdaquestao.com.br\/index.php?rest_route=\/wp\/v2\/users\/1"}],"replies":[{"embeddable":true,"href":"https:\/\/raizdaquestao.com.br\/index.php?rest_route=%2Fwp%2Fv2%2Fcomments&post=98"}],"version-history":[{"count":5,"href":"https:\/\/raizdaquestao.com.br\/index.php?rest_route=\/wp\/v2\/posts\/98\/revisions"}],"predecessor-version":[{"id":106,"href":"https:\/\/raizdaquestao.com.br\/index.php?rest_route=\/wp\/v2\/posts\/98\/revisions\/106"}],"wp:featuredmedia":[{"embeddable":true,"href":"https:\/\/raizdaquestao.com.br\/index.php?rest_route=\/wp\/v2\/media\/99"}],"wp:attachment":[{"href":"https:\/\/raizdaquestao.com.br\/index.php?rest_route=%2Fwp%2Fv2%2Fmedia&parent=98"}],"wp:term":[{"taxonomy":"category","embeddable":true,"href":"https:\/\/raizdaquestao.com.br\/index.php?rest_route=%2Fwp%2Fv2%2Fcategories&post=98"},{"taxonomy":"post_tag","embeddable":true,"href":"https:\/\/raizdaquestao.com.br\/index.php?rest_route=%2Fwp%2Fv2%2Ftags&post=98"}],"curies":[{"name":"wp","href":"https:\/\/api.w.org\/{rel}","templated":true}]}}